{"id":12272,"date":"2026-08-31T10:01:45","date_gmt":"2026-08-31T08:01:45","guid":{"rendered":"https:\/\/www.imbe.fr\/?p=12272"},"modified":"2026-08-31T17:55:55","modified_gmt":"2026-08-31T15:55:55","slug":"deux-doctorantes-de-limbe-recompensees-au-colloque-international-sere-2026","status":"publish","type":"post","link":"https:\/\/www.imbe.fr\/fr\/deux-doctorantes-de-limbe-recompensees-au-colloque-international-sere-2026\/","title":{"rendered":"Deux doctorantes de l\u2019IMBE r\u00e9compens\u00e9es au colloque international SERE 2026"},"content":{"rendered":"\t\t<div data-elementor-type=\"wp-post\" data-elementor-id=\"12272\" class=\"elementor elementor-12272\" data-elementor-post-type=\"post\">\n\t\t\t\t<div class=\"elementor-element elementor-element-d14bdb1 e-flex e-con-boxed e-con e-parent\" data-id=\"d14bdb1\" data-element_type=\"container\" data-e-type=\"container\">\n\t\t\t\t\t<div class=\"e-con-inner\">\n\t\t\t\t<div class=\"elementor-element elementor-element-e7fb3f4 elementor-widget elementor-widget-text-editor\" data-id=\"e7fb3f4\" data-element_type=\"widget\" data-e-type=\"widget\" data-widget_type=\"text-editor.default\">\n\t\t\t\t<div class=\"elementor-widget-container\">\n\t\t\t\t\t\t\t\t\t<p class=\"isSelectedEnd\">Toutes deux doctorantes \u00e0 l\u2019Universit\u00e9 d\u2019Avignon au sein de l\u2019\u00e9quipe <span class=\"text-token-text-primary cursor-text rounded-sm\" data-placeholder-token=\"true\"><a href=\"https:\/\/www.imbe.fr\/fr\/ecologie-ecotoxicologie-chimie-appliquees-a-lagroecologie-et-a-la-restauration\/\">EECAR<\/a><\/span> de l\u2019IMBE, <a href=\"https:\/\/www.imbe.fr\/fr\/annuaire\/lison-defosse\/\">Lison D\u00e9foss\u00e9<\/a> et <a href=\"https:\/\/www.imbe.fr\/fr\/annuaire\/marina-reis\/\">Marina Reis<\/a> ont \u00e9t\u00e9 distingu\u00e9es lors de la <a href=\"https:\/\/sere2026.sciencesconf.org\/\" target=\"_blank\" rel=\"noopener\">15th European Conference on Ecological Restoration (SERE 2026)<\/a>, qui s\u2019est tenue du 24 au 28 ao\u00fbt \u00e0 Brest.<\/p><p class=\"isSelectedEnd\">Lison D\u00e9foss\u00e9 a obtenu le <strong>2e prix<\/strong> et Marina Reis le <strong>3e prix de la meilleure communication orale \u00e9tudiante<\/strong>, pour leurs pr\u00e9sentations respectives :<\/p><ul data-spread=\"false\"><li><em>Can sealed soils recover? Decompaction effects on soil biodiversity after 50 years of soil sealing and prospects for nature-based restoration<\/em><\/li><li><em>Functional strategies for native graminoid establishment: insights from a BEF experiment in the Cerrado<\/em><\/li><\/ul><p>\u00a0<\/p><p class=\"isSelectedEnd\">Cette distinction est particuli\u00e8rement remarquable dans un colloque international qui a r\u00e9uni pr\u00e8s de <strong>600 participants<\/strong>, avec plus de <strong>100 pr\u00e9sentations orales d\u2019\u00e9tudiants et \u00e9tudiantes<\/strong> en comp\u00e9tition pour ces prix.<\/p><p>L\u2019IMBE adresse toutes ses f\u00e9licitations \u00e0 Lison et Marina pour cette belle reconnaissance de la qualit\u00e9 de leurs travaux et de leurs pr\u00e9sentations !<\/p>\t\t\t\t\t\t\t\t<\/div>\n\t\t\t\t<\/div>\n\t\t\t\t<div class=\"elementor-element elementor-element-76dcf6b elementor-widget elementor-widget-image\" data-id=\"76dcf6b\" data-element_type=\"widget\" data-e-type=\"widget\" data-widget_type=\"image.default\">\n\t\t\t\t<div class=\"elementor-widget-container\">\n\t\t\t\t\t\t\t\t\t\t\t\t\t\t\t<img fetchpriority=\"high\" decoding=\"async\" width=\"800\" height=\"352\" src=\"https:\/\/www.imbe.fr\/wp-content\/uploads\/2026\/08\/prix-Marina-Lison-1024x450.png\" class=\"attachment-large size-large wp-image-12274\" alt=\"\" srcset=\"https:\/\/www.imbe.fr\/wp-content\/uploads\/2026\/08\/prix-Marina-Lison-1024x450.png 1024w, https:\/\/www.imbe.fr\/wp-content\/uploads\/2026\/08\/prix-Marina-Lison-300x132.png 300w, https:\/\/www.imbe.fr\/wp-content\/uploads\/2026\/08\/prix-Marina-Lison-768x337.png 768w, https:\/\/www.imbe.fr\/wp-content\/uploads\/2026\/08\/prix-Marina-Lison-1536x674.png 1536w, https:\/\/www.imbe.fr\/wp-content\/uploads\/2026\/08\/prix-Marina-Lison-scaled.png 2048w, https:\/\/www.imbe.fr\/wp-content\/uploads\/2026\/08\/prix-Marina-Lison-18x8.png 18w, https:\/\/www.imbe.fr\/wp-content\/uploads\/2026\/08\/prix-Marina-Lison-1320x580.png 1320w\" sizes=\"(max-width: 800px) 100vw, 800px\" \/>\t\t\t\t\t\t\t\t\t\t\t\t\t\t\t<\/div>\n\t\t\t\t<\/div>\n\t\t\t\t\t<\/div>\n\t\t\t\t<\/div>\n\t\t\t\t<\/div>\n\t\t","protected":false},"excerpt":{"rendered":"<p>Toutes deux doctorantes \u00e0 l\u2019Universit\u00e9 d\u2019Avignon au sein de l\u2019\u00e9quipe EECAR de l\u2019IMBE, Lison D\u00e9foss\u00e9 et Marina Reis ont \u00e9t\u00e9 distingu\u00e9es lors de la 15th European Conference on Ecological Restoration [&hellip;]<\/p>\n","protected":false},"author":300,"featured_media":12274,"comment_status":"closed","ping_status":"closed","sticky":false,"template":"","format":"standard","meta":{"_acf_changed":false,"footnotes":""},"categories":[1],"tags":[],"class_list":["post-12272","post","type-post","status-publish","format-standard","has-post-thumbnail","hentry","category-actualite"],"acf":[],"_links":{"self":[{"href":"https:\/\/www.imbe.fr\/fr\/wp-json\/wp\/v2\/posts\/12272","targetHints":{"allow":["GET"]}}],"collection":[{"href":"https:\/\/www.imbe.fr\/fr\/wp-json\/wp\/v2\/posts"}],"about":[{"href":"https:\/\/www.imbe.fr\/fr\/wp-json\/wp\/v2\/types\/post"}],"author":[{"embeddable":true,"href":"https:\/\/www.imbe.fr\/fr\/wp-json\/wp\/v2\/users\/300"}],"replies":[{"embeddable":true,"href":"https:\/\/www.imbe.fr\/fr\/wp-json\/wp\/v2\/comments?post=12272"}],"version-history":[{"count":15,"href":"https:\/\/www.imbe.fr\/fr\/wp-json\/wp\/v2\/posts\/12272\/revisions"}],"predecessor-version":[{"id":12312,"href":"https:\/\/www.imbe.fr\/fr\/wp-json\/wp\/v2\/posts\/12272\/revisions\/12312"}],"wp:featuredmedia":[{"embeddable":true,"href":"https:\/\/www.imbe.fr\/fr\/wp-json\/wp\/v2\/media\/12274"}],"wp:attachment":[{"href":"https:\/\/www.imbe.fr\/fr\/wp-json\/wp\/v2\/media?parent=12272"}],"wp:term":[{"taxonomy":"category","embeddable":true,"href":"https:\/\/www.imbe.fr\/fr\/wp-json\/wp\/v2\/categories?post=12272"},{"taxonomy":"post_tag","embeddable":true,"href":"https:\/\/www.imbe.fr\/fr\/wp-json\/wp\/v2\/tags?post=12272"}],"curies":[{"name":"wp","href":"https:\/\/api.w.org\/{rel}","templated":true}]}}